{"id":1429,"date":"2021-01-16T11:02:00","date_gmt":"2021-01-16T10:02:00","guid":{"rendered":"https:\/\/oswaldo.ch\/?p=1429"},"modified":"2022-05-21T13:20:09","modified_gmt":"2022-05-21T11:20:09","slug":"auftritt-und-tanzabend-maskebball-forro-do-xilocano","status":"publish","type":"post","link":"https:\/\/oswaldo.ch\/?p=1429","title":{"rendered":"Maskebball &#8211; Forr\u00f3 do Xilo &#8211; 2. April 2022"},"content":{"rendered":"\n<p class=\"wp-block-paragraph\">Noite de Forr\u00f3 e schow de 20:00 \u00e0 01:00 e &#8222;Concurso de m\u00e1scaras: As 3 m\u00e1scaras mais criativas ser\u00e3o premiadas. <\/p>\n\n\n\n<p class=\"wp-block-paragraph\">Tanzabend mit Konzert von 20:00 bis 01:00 und Wettbewerb: Die 3 kreativsten Masken bekommen einen Preis. <\/p>\n\n\n\n<figure class=\"wp-block-image size-large\"><img decoding=\"async\" src=\"https:\/\/oswaldo.ch\/wp-content\/uploads\/FLYER_Face-819x1024.jpg\" alt=\"\" class=\"wp-image-1430\"\/><\/figure>\n","protected":false},"excerpt":{"rendered":"<p>Noite de Forr\u00f3 e schow de 20:00 \u00e0 01:00 e &#8222;Concurso de m\u00e1scaras: As 3 m\u00e1scaras mais criativas ser\u00e3o premiadas. Tanzabend mit Konzert von 20:00 bis 01:00 und Wettbewerb: Die 3 kreativsten Masken bekommen einen Preis.<\/p>\n","protected":false},"author":2,"featured_media":0,"comment_status":"open","ping_status":"open","sticky":false,"template":"","format":"standard","meta":{"_uag_custom_page_level_css":"","footnotes":""},"categories":[6],"tags":[],"class_list":["post-1429","post","type-post","status-publish","format-standard","hentry","category-agenda"],"uagb_featured_image_src":{"full":false,"thumbnail":false,"medium":false,"medium_large":false,"large":false,"1536x1536":false,"2048x2048":false,"twentyseventeen-featured-image":false,"twentyseventeen-thumbnail-avatar":false},"uagb_author_info":{"display_name":"oswaldo","author_link":"https:\/\/oswaldo.ch\/?author=2"},"uagb_comment_info":0,"uagb_excerpt":"Noite de Forr\u00f3 e schow de 20:00 \u00e0 01:00 e &#8222;Concurso de m\u00e1scaras: As 3 m\u00e1scaras mais criativas ser\u00e3o premiadas. Tanzabend mit Konzert von 20:00 bis 01:00 und Wettbewerb: Die 3 kreativsten Masken bekommen einen Preis.","_links":{"self":[{"href":"https:\/\/oswaldo.ch\/index.php?rest_route=\/wp\/v2\/posts\/1429","targetHints":{"allow":["GET"]}}],"collection":[{"href":"https:\/\/oswaldo.ch\/index.php?rest_route=\/wp\/v2\/posts"}],"about":[{"href":"https:\/\/oswaldo.ch\/index.php?rest_route=\/wp\/v2\/types\/post"}],"author":[{"embeddable":true,"href":"https:\/\/oswaldo.ch\/index.php?rest_route=\/wp\/v2\/users\/2"}],"replies":[{"embeddable":true,"href":"https:\/\/oswaldo.ch\/index.php?rest_route=%2Fwp%2Fv2%2Fcomments&post=1429"}],"version-history":[{"count":6,"href":"https:\/\/oswaldo.ch\/index.php?rest_route=\/wp\/v2\/posts\/1429\/revisions"}],"predecessor-version":[{"id":1562,"href":"https:\/\/oswaldo.ch\/index.php?rest_route=\/wp\/v2\/posts\/1429\/revisions\/1562"}],"wp:attachment":[{"href":"https:\/\/oswaldo.ch\/index.php?rest_route=%2Fwp%2Fv2%2Fmedia&parent=1429"}],"wp:term":[{"taxonomy":"category","embeddable":true,"href":"https:\/\/oswaldo.ch\/index.php?rest_route=%2Fwp%2Fv2%2Fcategories&post=1429"},{"taxonomy":"post_tag","embeddable":true,"href":"https:\/\/oswaldo.ch\/index.php?rest_route=%2Fwp%2Fv2%2Ftags&post=1429"}],"curies":[{"name":"wp","href":"https:\/\/api.w.org\/{rel}","templated":true}]}}