{"id":1582,"date":"2022-06-14T12:50:43","date_gmt":"2022-06-14T10:50:43","guid":{"rendered":"https:\/\/oswaldo.ch\/?p=1582"},"modified":"2024-06-04T05:20:54","modified_gmt":"2024-06-04T03:20:54","slug":"aktuelle-anlaesse","status":"publish","type":"post","link":"https:\/\/oswaldo.ch\/?p=1582","title":{"rendered":"Aktueller Anlass"},"content":{"rendered":"\n<p class=\"wp-block-paragraph\"><\/p>\n\n\n\n<p class=\"wp-block-paragraph\">Musikfestival mit einem innovativen Vorschlag. Unser Programm bringt Musiker, Stile und verschiedene Kunstformen zusammen. Wir arbeiten zum Wohle der indigenen V\u00f6lker Brasiliens.<\/p>\n\n\n\n<p class=\"wp-block-paragraph\">Sie k\u00f6nnen uns helfen, indem Sie dieses Video in den sozialen Medien verbreiten. Vielen Dank.<\/p>\n\n\n\n<p class=\"wp-block-paragraph\">Festival de M\u00fasica de car\u00e1cter inovativo. Nosso programa combina diferentes m\u00fasicos, estilos e formas de cultura. N\u00f3s trabalhamos em benef\u00edcio dos povos origin\u00e1rios do Brasil. <\/p>\n\n\n\n<figure class=\"wp-block-image size-large\"><img decoding=\"async\" src=\"https:\/\/oswaldo.ch\/wp-content\/uploads\/Flyer_Namen-1-1024x1019.jpg\" alt=\"\" class=\"wp-image-1692\"\/><\/figure>\n","protected":false},"excerpt":{"rendered":"<p>Musikfestival mit einem innovativen Vorschlag. Unser Programm bringt Musiker, Stile und verschiedene Kunstformen zusammen. Wir arbeiten zum Wohle der indigenen V\u00f6lker Brasiliens. Sie k\u00f6nnen uns helfen, indem Sie dieses Video in den sozialen Medien verbreiten. Vielen Dank. Festival de M\u00fasica de car\u00e1cter inovativo. Nosso programa combina diferentes m\u00fasicos, estilos e formas de cultura. N\u00f3s trabalhamos &hellip; <\/p>\n<p class=\"link-more\"><a href=\"https:\/\/oswaldo.ch\/?p=1582\" class=\"more-link\"><span class=\"screen-reader-text\">\u201eAktueller Anlass\u201c<\/span> weiterlesen<\/a><\/p>\n","protected":false},"author":2,"featured_media":0,"comment_status":"open","ping_status":"open","sticky":false,"template":"","format":"standard","meta":{"_uag_custom_page_level_css":"","footnotes":""},"categories":[6,1],"tags":[],"class_list":["post-1582","post","type-post","status-publish","format-standard","hentry","category-agenda","category-allgemein"],"uagb_featured_image_src":{"full":false,"thumbnail":false,"medium":false,"medium_large":false,"large":false,"1536x1536":false,"2048x2048":false,"twentyseventeen-featured-image":false,"twentyseventeen-thumbnail-avatar":false},"uagb_author_info":{"display_name":"oswaldo","author_link":"https:\/\/oswaldo.ch\/?author=2"},"uagb_comment_info":0,"uagb_excerpt":"Musikfestival mit einem innovativen Vorschlag. Unser Programm bringt Musiker, Stile und verschiedene Kunstformen zusammen. Wir arbeiten zum Wohle der indigenen V\u00f6lker Brasiliens. Sie k\u00f6nnen uns helfen, indem Sie dieses Video in den sozialen Medien verbreiten. Vielen Dank. Festival de M\u00fasica de car\u00e1cter inovativo. Nosso programa combina diferentes m\u00fasicos, estilos e formas de cultura. N\u00f3s trabalhamos&hellip;","_links":{"self":[{"href":"https:\/\/oswaldo.ch\/index.php?rest_route=\/wp\/v2\/posts\/1582","targetHints":{"allow":["GET"]}}],"collection":[{"href":"https:\/\/oswaldo.ch\/index.php?rest_route=\/wp\/v2\/posts"}],"about":[{"href":"https:\/\/oswaldo.ch\/index.php?rest_route=\/wp\/v2\/types\/post"}],"author":[{"embeddable":true,"href":"https:\/\/oswaldo.ch\/index.php?rest_route=\/wp\/v2\/users\/2"}],"replies":[{"embeddable":true,"href":"https:\/\/oswaldo.ch\/index.php?rest_route=%2Fwp%2Fv2%2Fcomments&post=1582"}],"version-history":[{"count":23,"href":"https:\/\/oswaldo.ch\/index.php?rest_route=\/wp\/v2\/posts\/1582\/revisions"}],"predecessor-version":[{"id":1694,"href":"https:\/\/oswaldo.ch\/index.php?rest_route=\/wp\/v2\/posts\/1582\/revisions\/1694"}],"wp:attachment":[{"href":"https:\/\/oswaldo.ch\/index.php?rest_route=%2Fwp%2Fv2%2Fmedia&parent=1582"}],"wp:term":[{"taxonomy":"category","embeddable":true,"href":"https:\/\/oswaldo.ch\/index.php?rest_route=%2Fwp%2Fv2%2Fcategories&post=1582"},{"taxonomy":"post_tag","embeddable":true,"href":"https:\/\/oswaldo.ch\/index.php?rest_route=%2Fwp%2Fv2%2Ftags&post=1582"}],"curies":[{"name":"wp","href":"https:\/\/api.w.org\/{rel}","templated":true}]}}