{"id":26,"date":"2002-09-07T13:20:40","date_gmt":"2002-09-07T11:20:40","guid":{"rendered":"http:\/\/www.oswaldo.ch\/wordpress\/?p=26"},"modified":"2021-09-27T02:31:44","modified_gmt":"2021-09-27T00:31:44","slug":"konzert-in-monterrey","status":"publish","type":"post","link":"https:\/\/oswaldo.ch\/?p=26","title":{"rendered":"Konzert: Monterrey-Mexico, 07.09.2002"},"content":{"rendered":"<p>Am vergangenen Mittwoch f\u00fchrte das Sinfonieorchester der UANL das erste Konzert in der Reihe &#8222;Em Mangas de Camisa&#8220;, das h\u00e4ufig Volksmusik und immer viele \u00dcberraschungen beinhaltet, auf.<br \/>\nDieses Mal verwandelte die Auff\u00fchrung von Werken und die Teilnahme von Oswaldo de Souza das Konzert buchst\u00e4blich in eine Show, die dem Publikum die Botschaft \u00fcber den Gang der Zivilisation und die Entmenschlichung des Menschen brachte.<br \/>\nOswaldo de Souza f\u00fchrte im Universit\u00e4tstheater von Monterrei das St\u00fcck &#8222;Ap\u00f3s Calipso quem vir\u00e1?&#8220; auf, eine Komposition, die Volkssprache und klassische Sprache verbindet und deren epischer Ton uns \u00fcber das Schicksal der Menschheit nachdenken l\u00e4sst.<br \/>\nDer extrovertierte Erz\u00e4hlstil, halb Portugiesisch, halb Spanisch, die Kleidung des K\u00fcnstlers \u2013 langes, legeres, rosafarbenes Hemd und Frack \u2013 und seine Art, Geige zu spielen, weckten das Publikuminteresse.<br \/>\nFormelle Perkussions-Instrumente, aber auch ein \u00d6lfass waren die Begleitung des Solisten und Autoren, der sang, erz\u00e4hlte, mit Gitarre und Geige interpretierte und sogar ein bisschen steppte.<br \/>\nNach der Interpretation von &#8222;O boi sobre o Telhado&#8220; von D. Milhau und &#8222;Bachianas Brasileiras no 2&#8220; von Villa Lobos wurde das Konzert mit vier freien St\u00fccken von Oswaldo Souza abgeschlossen. &#8222;A Vila dos Lobos&#8220;, in dem die materialistische Konsumhaltung kritisiert wird, &#8222;A volta do \u00cdndio&#8220;, das die Suche nach der eigenen Identit\u00e4t beschreibt, und &#8222;O Rei do Caga\u00e7o&#8220;, einer Mischung aus &#8222;Xaxado&#8220; und klassischer Musik, boten einen interessanten Cocktail aus verschiedenen ethnischen Ausdrucksformen und Stilen.<br \/>\n<em>Radko Tischavsky<\/em><\/p>\n","protected":false},"excerpt":{"rendered":"<p>Am vergangenen Mittwoch f\u00fchrte das Sinfonieorchester der UANL das erste Konzert in der Reihe &#8222;Em Mangas de Camisa&#8220;, das h\u00e4ufig Volksmusik und immer viele \u00dcberraschungen beinhaltet, auf. Dieses Mal verwandelte die Auff\u00fchrung von Werken und die Teilnahme von Oswaldo de Souza das Konzert buchst\u00e4blich in eine Show, die dem Publikum die Botschaft \u00fcber den Gang &hellip; <\/p>\n<p class=\"link-more\"><a href=\"https:\/\/oswaldo.ch\/?p=26\" class=\"more-link\"><span class=\"screen-reader-text\">\u201eKonzert: Monterrey-Mexico, 07.09.2002\u201c<\/span> weiterlesen<\/a><\/p>\n","protected":false},"author":1,"featured_media":0,"comment_status":"closed","ping_status":"closed","sticky":false,"template":"","format":"standard","meta":{"_uag_custom_page_level_css":"","footnotes":""},"categories":[2],"tags":[],"class_list":["post-26","post","type-post","status-publish","format-standard","hentry","category-presse"],"uagb_featured_image_src":{"full":false,"thumbnail":false,"medium":false,"medium_large":false,"large":false,"1536x1536":false,"2048x2048":false,"twentyseventeen-featured-image":false,"twentyseventeen-thumbnail-avatar":false},"uagb_author_info":{"display_name":"admin","author_link":"https:\/\/oswaldo.ch\/?author=1"},"uagb_comment_info":0,"uagb_excerpt":"Am vergangenen Mittwoch f\u00fchrte das Sinfonieorchester der UANL das erste Konzert in der Reihe &#8222;Em Mangas de Camisa&#8220;, das h\u00e4ufig Volksmusik und immer viele \u00dcberraschungen beinhaltet, auf. Dieses Mal verwandelte die Auff\u00fchrung von Werken und die Teilnahme von Oswaldo de Souza das Konzert buchst\u00e4blich in eine Show, die dem Publikum die Botschaft \u00fcber den Gang&hellip;","_links":{"self":[{"href":"https:\/\/oswaldo.ch\/index.php?rest_route=\/wp\/v2\/posts\/26","targetHints":{"allow":["GET"]}}],"collection":[{"href":"https:\/\/oswaldo.ch\/index.php?rest_route=\/wp\/v2\/posts"}],"about":[{"href":"https:\/\/oswaldo.ch\/index.php?rest_route=\/wp\/v2\/types\/post"}],"author":[{"embeddable":true,"href":"https:\/\/oswaldo.ch\/index.php?rest_route=\/wp\/v2\/users\/1"}],"replies":[{"embeddable":true,"href":"https:\/\/oswaldo.ch\/index.php?rest_route=%2Fwp%2Fv2%2Fcomments&post=26"}],"version-history":[{"count":2,"href":"https:\/\/oswaldo.ch\/index.php?rest_route=\/wp\/v2\/posts\/26\/revisions"}],"predecessor-version":[{"id":1112,"href":"https:\/\/oswaldo.ch\/index.php?rest_route=\/wp\/v2\/posts\/26\/revisions\/1112"}],"wp:attachment":[{"href":"https:\/\/oswaldo.ch\/index.php?rest_route=%2Fwp%2Fv2%2Fmedia&parent=26"}],"wp:term":[{"taxonomy":"category","embeddable":true,"href":"https:\/\/oswaldo.ch\/index.php?rest_route=%2Fwp%2Fv2%2Fcategories&post=26"},{"taxonomy":"post_tag","embeddable":true,"href":"https:\/\/oswaldo.ch\/index.php?rest_route=%2Fwp%2Fv2%2Ftags&post=26"}],"curies":[{"name":"wp","href":"https:\/\/api.w.org\/{rel}","templated":true}]}}