{"id":643,"date":"2018-05-21T22:15:00","date_gmt":"2018-05-21T20:15:00","guid":{"rendered":"http:\/\/oswaldo.ch\/?p=643"},"modified":"2021-10-08T19:29:16","modified_gmt":"2021-10-08T17:29:16","slug":"cd-umbilical","status":"publish","type":"post","link":"https:\/\/oswaldo.ch\/?p=643","title":{"rendered":"Begegnung mit Juraci Tavares (2004)"},"content":{"rendered":"\n<p class=\"wp-block-paragraph\"><strong>Afro-brasilianische Musik: <\/strong>Alle Aufnahmen wurden mit Musikern aus der Region gemacht, mit Einbezug von Jugendlichen aus den Favelas von Salvador und dem Einsatz von Instrumenten aus Recycling Materialien. Es ist mir eine Ehre, Texte von Juraci Tavares vertonen zu k\u00f6nnen. Juraci ist ein Dichter und Philosoph, der zusammen mit mehreren Randgruppen in Brasilien arbeitet, um diese zu f\u00f6rdern. Er verk\u00f6rpert in seinen Texten afrikanische Werte, innerhalb der brasilianischen Kultur, die wieder hervor geholt werden sollten, damit  Gerechtigkeit entsteht. In diesem Sinne ist Juraci Tavares absolut politisch engagiert.  <\/p>\n\n\n<div class=\"wp-playlist wp-audio-playlist wp-playlist-light\">\n\t\t\t<div class=\"wp-playlist-current-item\"><\/div>\n\t\t<audio controls=\"controls\" preload=\"none\" width=\"503\"\n\t\t\t><\/audio>\n\t<div class=\"wp-playlist-next\"><\/div>\n\t<div class=\"wp-playlist-prev\"><\/div>\n\t<noscript>\n\t<ol>\n\t\t<li><a href='https:\/\/oswaldo.ch\/wp-content\/uploads\/8.-DeSouza_Oliveira_Faces-do-Brasil.mp3'>8.-DeSouza_Oliveira_Faces-do-Brasil<\/a><\/li><li><a href='https:\/\/oswaldo.ch\/wp-content\/uploads\/9.-DeSouza_Oliveira_Farra-da-Natureza.mp3'>9.-DeSouza_Oliveira_Farra-da-Natureza<\/a><\/li>\t<\/ol>\n\t<\/noscript>\n\t<script type=\"application\/json\" class=\"wp-playlist-script\">{\"type\":\"audio\",\"tracklist\":true,\"tracknumbers\":true,\"images\":true,\"artists\":true,\"tracks\":[{\"src\":\"https:\/\/oswaldo.ch\/wp-content\/uploads\/8.-DeSouza_Oliveira_Faces-do-Brasil.mp3\",\"type\":\"audio\/mpeg\",\"title\":\"8.-DeSouza_Oliveira_Faces-do-Brasil\",\"caption\":\"\",\"description\":\"\\\"8.-DeSouza_Oliveira_Faces-do-Brasil\\\".\",\"meta\":{\"length_formatted\":\"1:12\"},\"image\":{\"src\":\"https:\/\/oswaldo.ch\/wp-includes\/images\/media\/audio.svg\",\"width\":48,\"height\":64},\"thumb\":{\"src\":\"https:\/\/oswaldo.ch\/wp-includes\/images\/media\/audio.svg\",\"width\":48,\"height\":64}},{\"src\":\"https:\/\/oswaldo.ch\/wp-content\/uploads\/9.-DeSouza_Oliveira_Farra-da-Natureza.mp3\",\"type\":\"audio\/mpeg\",\"title\":\"9.-DeSouza_Oliveira_Farra-da-Natureza\",\"caption\":\"\",\"description\":\"\\\"9.-DeSouza_Oliveira_Farra-da-Natureza\\\".\",\"meta\":{\"length_formatted\":\"1:11\"},\"image\":{\"src\":\"https:\/\/oswaldo.ch\/wp-includes\/images\/media\/audio.svg\",\"width\":48,\"height\":64},\"thumb\":{\"src\":\"https:\/\/oswaldo.ch\/wp-includes\/images\/media\/audio.svg\",\"width\":48,\"height\":64}}]}<\/script>\n<\/div>\n\t\n","protected":false},"excerpt":{"rendered":"<p>Afro-brasilianische Musik: Alle Aufnahmen wurden mit Musikern aus der Region gemacht, mit Einbezug von Jugendlichen aus den Favelas von Salvador und dem Einsatz von Instrumenten aus Recycling Materialien. Es ist mir eine Ehre, Texte von Juraci Tavares vertonen zu k\u00f6nnen. Juraci ist ein Dichter und Philosoph, der zusammen mit mehreren Randgruppen in Brasilien arbeitet, um &hellip; <\/p>\n<p class=\"link-more\"><a href=\"https:\/\/oswaldo.ch\/?p=643\" class=\"more-link\"><span class=\"screen-reader-text\">\u201eBegegnung mit Juraci Tavares (2004)\u201c<\/span> weiterlesen<\/a><\/p>\n","protected":false},"author":2,"featured_media":0,"comment_status":"open","ping_status":"open","sticky":false,"template":"","format":"standard","meta":{"_uag_custom_page_level_css":"","footnotes":""},"categories":[4],"tags":[],"class_list":["post-643","post","type-post","status-publish","format-standard","hentry","category-hoeren"],"uagb_featured_image_src":{"full":false,"thumbnail":false,"medium":false,"medium_large":false,"large":false,"1536x1536":false,"2048x2048":false,"twentyseventeen-featured-image":false,"twentyseventeen-thumbnail-avatar":false},"uagb_author_info":{"display_name":"oswaldo","author_link":"https:\/\/oswaldo.ch\/?author=2"},"uagb_comment_info":0,"uagb_excerpt":"Afro-brasilianische Musik: Alle Aufnahmen wurden mit Musikern aus der Region gemacht, mit Einbezug von Jugendlichen aus den Favelas von Salvador und dem Einsatz von Instrumenten aus Recycling Materialien. Es ist mir eine Ehre, Texte von Juraci Tavares vertonen zu k\u00f6nnen. Juraci ist ein Dichter und Philosoph, der zusammen mit mehreren Randgruppen in Brasilien arbeitet, um&hellip;","_links":{"self":[{"href":"https:\/\/oswaldo.ch\/index.php?rest_route=\/wp\/v2\/posts\/643","targetHints":{"allow":["GET"]}}],"collection":[{"href":"https:\/\/oswaldo.ch\/index.php?rest_route=\/wp\/v2\/posts"}],"about":[{"href":"https:\/\/oswaldo.ch\/index.php?rest_route=\/wp\/v2\/types\/post"}],"author":[{"embeddable":true,"href":"https:\/\/oswaldo.ch\/index.php?rest_route=\/wp\/v2\/users\/2"}],"replies":[{"embeddable":true,"href":"https:\/\/oswaldo.ch\/index.php?rest_route=%2Fwp%2Fv2%2Fcomments&post=643"}],"version-history":[{"count":17,"href":"https:\/\/oswaldo.ch\/index.php?rest_route=\/wp\/v2\/posts\/643\/revisions"}],"predecessor-version":[{"id":1357,"href":"https:\/\/oswaldo.ch\/index.php?rest_route=\/wp\/v2\/posts\/643\/revisions\/1357"}],"wp:attachment":[{"href":"https:\/\/oswaldo.ch\/index.php?rest_route=%2Fwp%2Fv2%2Fmedia&parent=643"}],"wp:term":[{"taxonomy":"category","embeddable":true,"href":"https:\/\/oswaldo.ch\/index.php?rest_route=%2Fwp%2Fv2%2Fcategories&post=643"},{"taxonomy":"post_tag","embeddable":true,"href":"https:\/\/oswaldo.ch\/index.php?rest_route=%2Fwp%2Fv2%2Ftags&post=643"}],"curies":[{"name":"wp","href":"https:\/\/api.w.org\/{rel}","templated":true}]}}