{"id":648,"date":"2019-02-13T22:25:16","date_gmt":"2019-02-13T21:25:16","guid":{"rendered":"http:\/\/oswaldo.ch\/?p=648"},"modified":"2021-10-08T19:13:46","modified_gmt":"2021-10-08T17:13:46","slug":"cd-bota-gais","status":"publish","type":"post","link":"https:\/\/oswaldo.ch\/?p=648","title":{"rendered":"CD &#8222;Bota Gais&#8220; (2006)"},"content":{"rendered":"\n<p class=\"wp-block-paragraph\"><strong>MPB-Musik zum Tanzen:  <\/strong>Im Rahmen des Projekts &#8222;Berimbanda&#8220; (2004-2010) habe ich zusammen mit Severin Graf (E-Bass) und Simon Zwicky (Schlagzeug) die CD &#8222;Bota Gais&#8220; aufgenommen, um unseren Verein in der Schweiz zu f\u00f6rdern und unsere Werstatt f\u00fcr Slumkinder in Salvador da Bahia-Brasilien zu finanzieren. Speziel daran ist die Mischung von Forr\u00f3 und Rock&#8217;n Roll bei &#8222;A Nossa Camisinha&#8220;. <\/p>\n\n\n\n<figure class=\"wp-block-image size-large\"><img loading=\"lazy\" decoding=\"async\" width=\"1003\" height=\"1024\" src=\"https:\/\/oswaldo.ch\/wp-content\/uploads\/CD-Bota-Gais-1003x1024.jpg\" alt=\"\" class=\"wp-image-1155\" srcset=\"https:\/\/oswaldo.ch\/wp-content\/uploads\/CD-Bota-Gais-1003x1024.jpg 1003w, https:\/\/oswaldo.ch\/wp-content\/uploads\/CD-Bota-Gais-294x300.jpg 294w, https:\/\/oswaldo.ch\/wp-content\/uploads\/CD-Bota-Gais-147x150.jpg 147w, https:\/\/oswaldo.ch\/wp-content\/uploads\/CD-Bota-Gais-768x784.jpg 768w, https:\/\/oswaldo.ch\/wp-content\/uploads\/CD-Bota-Gais.jpg 1388w\" sizes=\"auto, (max-width: 706px) 89vw, (max-width: 767px) 82vw, 740px\" \/><\/figure>\n\n\n<div class=\"wp-playlist wp-audio-playlist wp-playlist-light\">\n\t\t\t<div class=\"wp-playlist-current-item\"><\/div>\n\t\t<audio controls=\"controls\" preload=\"none\" width=\"503\"\n\t\t\t><\/audio>\n\t<div class=\"wp-playlist-next\"><\/div>\n\t<div class=\"wp-playlist-prev\"><\/div>\n\t<noscript>\n\t<ol>\n\t\t<li><a href='https:\/\/oswaldo.ch\/wp-content\/uploads\/A-Nossa-Camisinha.m4a'>A Nossa Camisinha<\/a><\/li><li><a href='https:\/\/oswaldo.ch\/wp-content\/uploads\/1-Nosotros.mp3'>Nosotros<\/a><\/li><li><a href='https:\/\/oswaldo.ch\/wp-content\/uploads\/2-Samba-da-minha-terra.mp3'>Samba da minha terra<\/a><\/li><li><a href='https:\/\/oswaldo.ch\/wp-content\/uploads\/3-Cada-macaco-no-seu-galho.mp3'>Cada macaco no seu galho<\/a><\/li><li><a href='https:\/\/oswaldo.ch\/wp-content\/uploads\/4-Marina.mp3'>Marina<\/a><\/li><li><a href='https:\/\/oswaldo.ch\/wp-content\/uploads\/5-Preta-Pretinha.mp3'>Preta Pretinha<\/a><\/li><li><a href='https:\/\/oswaldo.ch\/wp-content\/uploads\/6-Lampia\u0303o.mp3'>Lampia\u0303o<\/a><\/li><li><a href='https:\/\/oswaldo.ch\/wp-content\/uploads\/7-Carinhoso.mp3'>Carinhoso<\/a><\/li><li><a href='https:\/\/oswaldo.ch\/wp-content\/uploads\/8-Yemanja\u0301.mp3'>Yemanja\u0301<\/a><\/li><li><a href='https:\/\/oswaldo.ch\/wp-content\/uploads\/9-O-Bem-do-Mar.mp3'>O Bem do Mar<\/a><\/li><li><a href='https:\/\/oswaldo.ch\/wp-content\/uploads\/10-Brasileirinho.mp3'>Brasileirinho<\/a><\/li>\t<\/ol>\n\t<\/noscript>\n\t<script type=\"application\/json\" class=\"wp-playlist-script\">{\"type\":\"audio\",\"tracklist\":true,\"tracknumbers\":true,\"images\":true,\"artists\":true,\"tracks\":[{\"src\":\"https:\/\/oswaldo.ch\/wp-content\/uploads\/A-Nossa-Camisinha.m4a\",\"type\":\"audio\/mpeg\",\"title\":\"A Nossa Camisinha\",\"caption\":\"\",\"description\":\"\\\"A Nossa Camisinha\\\".\",\"meta\":{\"length_formatted\":\"2:30\"},\"image\":{\"src\":\"https:\/\/oswaldo.ch\/wp-includes\/images\/media\/audio.svg\",\"width\":48,\"height\":64},\"thumb\":{\"src\":\"https:\/\/oswaldo.ch\/wp-includes\/images\/media\/audio.svg\",\"width\":48,\"height\":64}},{\"src\":\"https:\/\/oswaldo.ch\/wp-content\/uploads\/1-Nosotros.mp3\",\"type\":\"audio\/mpeg\",\"title\":\"Nosotros\",\"caption\":\"\",\"description\":\"\\\"Nosotros\\\".\",\"meta\":{\"length_formatted\":\"3:42\"},\"image\":{\"src\":\"https:\/\/oswaldo.ch\/wp-includes\/images\/media\/audio.svg\",\"width\":48,\"height\":64},\"thumb\":{\"src\":\"https:\/\/oswaldo.ch\/wp-includes\/images\/media\/audio.svg\",\"width\":48,\"height\":64}},{\"src\":\"https:\/\/oswaldo.ch\/wp-content\/uploads\/2-Samba-da-minha-terra.mp3\",\"type\":\"audio\/mpeg\",\"title\":\"Samba da minha terra\",\"caption\":\"\",\"description\":\"\\\"Samba da minha terra\\\".\",\"meta\":{\"length_formatted\":\"4:49\"},\"image\":{\"src\":\"https:\/\/oswaldo.ch\/wp-includes\/images\/media\/audio.svg\",\"width\":48,\"height\":64},\"thumb\":{\"src\":\"https:\/\/oswaldo.ch\/wp-includes\/images\/media\/audio.svg\",\"width\":48,\"height\":64}},{\"src\":\"https:\/\/oswaldo.ch\/wp-content\/uploads\/3-Cada-macaco-no-seu-galho.mp3\",\"type\":\"audio\/mpeg\",\"title\":\"Cada macaco no seu galho\",\"caption\":\"\",\"description\":\"\\\"Cada macaco no seu galho\\\".\",\"meta\":{\"length_formatted\":\"4:17\"},\"image\":{\"src\":\"https:\/\/oswaldo.ch\/wp-includes\/images\/media\/audio.svg\",\"width\":48,\"height\":64},\"thumb\":{\"src\":\"https:\/\/oswaldo.ch\/wp-includes\/images\/media\/audio.svg\",\"width\":48,\"height\":64}},{\"src\":\"https:\/\/oswaldo.ch\/wp-content\/uploads\/4-Marina.mp3\",\"type\":\"audio\/mpeg\",\"title\":\"Marina\",\"caption\":\"\",\"description\":\"\\\"Marina\\\".\",\"meta\":{\"length_formatted\":\"3:29\"},\"image\":{\"src\":\"https:\/\/oswaldo.ch\/wp-includes\/images\/media\/audio.svg\",\"width\":48,\"height\":64},\"thumb\":{\"src\":\"https:\/\/oswaldo.ch\/wp-includes\/images\/media\/audio.svg\",\"width\":48,\"height\":64}},{\"src\":\"https:\/\/oswaldo.ch\/wp-content\/uploads\/5-Preta-Pretinha.mp3\",\"type\":\"audio\/mpeg\",\"title\":\"Preta Pretinha\",\"caption\":\"\",\"description\":\"\\\"Preta Pretinha\\\".\",\"meta\":{\"length_formatted\":\"4:46\"},\"image\":{\"src\":\"https:\/\/oswaldo.ch\/wp-includes\/images\/media\/audio.svg\",\"width\":48,\"height\":64},\"thumb\":{\"src\":\"https:\/\/oswaldo.ch\/wp-includes\/images\/media\/audio.svg\",\"width\":48,\"height\":64}},{\"src\":\"https:\/\/oswaldo.ch\/wp-content\/uploads\/6-Lampia\\u0303o.mp3\",\"type\":\"audio\/mpeg\",\"title\":\"Lampia\\u0303o\",\"caption\":\"\",\"description\":\"\\\"Lampia\\u0303o\\\".\",\"meta\":{\"length_formatted\":\"3:59\"},\"image\":{\"src\":\"https:\/\/oswaldo.ch\/wp-includes\/images\/media\/audio.svg\",\"width\":48,\"height\":64},\"thumb\":{\"src\":\"https:\/\/oswaldo.ch\/wp-includes\/images\/media\/audio.svg\",\"width\":48,\"height\":64}},{\"src\":\"https:\/\/oswaldo.ch\/wp-content\/uploads\/7-Carinhoso.mp3\",\"type\":\"audio\/mpeg\",\"title\":\"Carinhoso\",\"caption\":\"\",\"description\":\"\\\"Carinhoso\\\".\",\"meta\":{\"length_formatted\":\"3:51\"},\"image\":{\"src\":\"https:\/\/oswaldo.ch\/wp-includes\/images\/media\/audio.svg\",\"width\":48,\"height\":64},\"thumb\":{\"src\":\"https:\/\/oswaldo.ch\/wp-includes\/images\/media\/audio.svg\",\"width\":48,\"height\":64}},{\"src\":\"https:\/\/oswaldo.ch\/wp-content\/uploads\/8-Yemanja\\u0301.mp3\",\"type\":\"audio\/mpeg\",\"title\":\"Yemanja\\u0301\",\"caption\":\"\",\"description\":\"\\\"Yemanja\\u0301\\\".\",\"meta\":{\"length_formatted\":\"3:47\"},\"image\":{\"src\":\"https:\/\/oswaldo.ch\/wp-includes\/images\/media\/audio.svg\",\"width\":48,\"height\":64},\"thumb\":{\"src\":\"https:\/\/oswaldo.ch\/wp-includes\/images\/media\/audio.svg\",\"width\":48,\"height\":64}},{\"src\":\"https:\/\/oswaldo.ch\/wp-content\/uploads\/9-O-Bem-do-Mar.mp3\",\"type\":\"audio\/mpeg\",\"title\":\"O Bem do Mar\",\"caption\":\"\",\"description\":\"\\\"O Bem do Mar\\\".\",\"meta\":{\"length_formatted\":\"3:28\"},\"image\":{\"src\":\"https:\/\/oswaldo.ch\/wp-includes\/images\/media\/audio.svg\",\"width\":48,\"height\":64},\"thumb\":{\"src\":\"https:\/\/oswaldo.ch\/wp-includes\/images\/media\/audio.svg\",\"width\":48,\"height\":64}},{\"src\":\"https:\/\/oswaldo.ch\/wp-content\/uploads\/10-Brasileirinho.mp3\",\"type\":\"audio\/mpeg\",\"title\":\"Brasileirinho\",\"caption\":\"\",\"description\":\"\\\"Brasileirinho\\\".\",\"meta\":{\"length_formatted\":\"3:42\"},\"image\":{\"src\":\"https:\/\/oswaldo.ch\/wp-includes\/images\/media\/audio.svg\",\"width\":48,\"height\":64},\"thumb\":{\"src\":\"https:\/\/oswaldo.ch\/wp-includes\/images\/media\/audio.svg\",\"width\":48,\"height\":64}}]}<\/script>\n<\/div>\n\t\n","protected":false},"excerpt":{"rendered":"<p>MPB-Musik zum Tanzen: Im Rahmen des Projekts &#8222;Berimbanda&#8220; (2004-2010) habe ich zusammen mit Severin Graf (E-Bass) und Simon Zwicky (Schlagzeug) die CD &#8222;Bota Gais&#8220; aufgenommen, um unseren Verein in der Schweiz zu f\u00f6rdern und unsere Werstatt f\u00fcr Slumkinder in Salvador da Bahia-Brasilien zu finanzieren. Speziel daran ist die Mischung von Forr\u00f3 und Rock&#8217;n Roll bei &hellip; <\/p>\n<p class=\"link-more\"><a href=\"https:\/\/oswaldo.ch\/?p=648\" class=\"more-link\"><span class=\"screen-reader-text\">\u201eCD &#8222;Bota Gais&#8220; (2006)\u201c<\/span> weiterlesen<\/a><\/p>\n","protected":false},"author":2,"featured_media":0,"comment_status":"open","ping_status":"open","sticky":false,"template":"","format":"standard","meta":{"_uag_custom_page_level_css":"","footnotes":""},"categories":[4],"tags":[],"class_list":["post-648","post","type-post","status-publish","format-standard","hentry","category-hoeren"],"uagb_featured_image_src":{"full":false,"thumbnail":false,"medium":false,"medium_large":false,"large":false,"1536x1536":false,"2048x2048":false,"twentyseventeen-featured-image":false,"twentyseventeen-thumbnail-avatar":false},"uagb_author_info":{"display_name":"oswaldo","author_link":"https:\/\/oswaldo.ch\/?author=2"},"uagb_comment_info":0,"uagb_excerpt":"MPB-Musik zum Tanzen: Im Rahmen des Projekts &#8222;Berimbanda&#8220; (2004-2010) habe ich zusammen mit Severin Graf (E-Bass) und Simon Zwicky (Schlagzeug) die CD &#8222;Bota Gais&#8220; aufgenommen, um unseren Verein in der Schweiz zu f\u00f6rdern und unsere Werstatt f\u00fcr Slumkinder in Salvador da Bahia-Brasilien zu finanzieren. Speziel daran ist die Mischung von Forr\u00f3 und Rock&#8217;n Roll bei&hellip;","_links":{"self":[{"href":"https:\/\/oswaldo.ch\/index.php?rest_route=\/wp\/v2\/posts\/648","targetHints":{"allow":["GET"]}}],"collection":[{"href":"https:\/\/oswaldo.ch\/index.php?rest_route=\/wp\/v2\/posts"}],"about":[{"href":"https:\/\/oswaldo.ch\/index.php?rest_route=\/wp\/v2\/types\/post"}],"author":[{"embeddable":true,"href":"https:\/\/oswaldo.ch\/index.php?rest_route=\/wp\/v2\/users\/2"}],"replies":[{"embeddable":true,"href":"https:\/\/oswaldo.ch\/index.php?rest_route=%2Fwp%2Fv2%2Fcomments&post=648"}],"version-history":[{"count":24,"href":"https:\/\/oswaldo.ch\/index.php?rest_route=\/wp\/v2\/posts\/648\/revisions"}],"predecessor-version":[{"id":1351,"href":"https:\/\/oswaldo.ch\/index.php?rest_route=\/wp\/v2\/posts\/648\/revisions\/1351"}],"wp:attachment":[{"href":"https:\/\/oswaldo.ch\/index.php?rest_route=%2Fwp%2Fv2%2Fmedia&parent=648"}],"wp:term":[{"taxonomy":"category","embeddable":true,"href":"https:\/\/oswaldo.ch\/index.php?rest_route=%2Fwp%2Fv2%2Fcategories&post=648"},{"taxonomy":"post_tag","embeddable":true,"href":"https:\/\/oswaldo.ch\/index.php?rest_route=%2Fwp%2Fv2%2Ftags&post=648"}],"curies":[{"name":"wp","href":"https:\/\/api.w.org\/{rel}","templated":true}]}}