{"id":650,"date":"2019-08-20T22:26:00","date_gmt":"2019-08-20T20:26:00","guid":{"rendered":"http:\/\/oswaldo.ch\/?p=650"},"modified":"2021-10-09T12:22:05","modified_gmt":"2021-10-09T10:22:05","slug":"cd-apos-calipso-quem-vira","status":"publish","type":"post","link":"https:\/\/oswaldo.ch\/?p=650","title":{"rendered":"CD &#8222;Ap\u00f3s Calipso quem vir\u00e1?&#8220; (2000)"},"content":{"rendered":"\n<p class=\"wp-block-paragraph\"><strong>Musik f\u00fcr Orchester:<\/strong> &#8222;Im Sp\u00e4therbst 1998 konfrontierte ich Oswaldo Souza mit meiner Ma-M\u00e8re-l\u2019Oye-Idee. Nach wenigen Tagen des \u00dcberlegens sagte er mir zu und schon Ende Januar 99 zeigte er mir das Konzept zu Ap\u00f3s Calipso; die Konturen des Werkes waren unverkennbar und inzwischen liegt die Partitur vor. Die musikalische Wesenheit ist zweifelsohne frei von stilistischen Ideologien. M\u00f6glicherweise stellt sich bei Ap\u00f3s Calipso dennoch die Frage, ob es sich hier um eine Br\u00fccke zwischen E und U handle. Urteilen Sie selbst!&#8220; <a href=\"http:\/\/oswaldo.ch\/wp-content\/uploads\/1999-Daniel-Schweizer.pdf\">(Daniel Schweizer, 1999)<\/a><\/p>\n\n\n\n<p class=\"wp-block-paragraph\"><strong>Inhalt:<\/strong> Calipso verl\u00e4sst seine indianische Geliebte und vergisst sein fr\u00fcheres Leben. Durch Rohstoffausbeutung verursacht er grosse Zerst\u00f6rungen. Als er merkt, dass dies auch sein Tod bedeutet, sucht er einen Ausweg, kehrt in den Urwald zur\u00fcck, bittet seine Geliebte um Verzeihung und stirbt in ihren Armen. <\/p>\n\n\n\n<figure class=\"wp-block-image size-full\"><img loading=\"lazy\" decoding=\"async\" width=\"600\" height=\"592\" src=\"https:\/\/oswaldo.ch\/wp-content\/uploads\/Cover_Apo\u0301s-Calipso-quem-vira\u0301.jpg\" alt=\"\" class=\"wp-image-1144\" srcset=\"https:\/\/oswaldo.ch\/wp-content\/uploads\/Cover_Apo\u0301s-Calipso-quem-vira\u0301.jpg 600w, https:\/\/oswaldo.ch\/wp-content\/uploads\/Cover_Apo\u0301s-Calipso-quem-vira\u0301-300x296.jpg 300w, https:\/\/oswaldo.ch\/wp-content\/uploads\/Cover_Apo\u0301s-Calipso-quem-vira\u0301-150x148.jpg 150w, https:\/\/oswaldo.ch\/wp-content\/uploads\/Cover_Apo\u0301s-Calipso-quem-vira\u0301-100x100.jpg 100w\" sizes=\"auto, (max-width: 600px) 100vw, 600px\" \/><\/figure>\n\n\n<div class=\"wp-playlist wp-audio-playlist wp-playlist-light\">\n\t\t\t<div class=\"wp-playlist-current-item\"><\/div>\n\t\t<audio controls=\"controls\" preload=\"none\" width=\"503\"\n\t\t\t><\/audio>\n\t<div class=\"wp-playlist-next\"><\/div>\n\t<div class=\"wp-playlist-prev\"><\/div>\n\t<noscript>\n\t<ol>\n\t\t<li><a href='https:\/\/oswaldo.ch\/wp-content\/uploads\/1-Trista\u0303o-e-Alegria-1.mp3'>Trista\u0303o e Alegria<\/a><\/li><li><a href='https:\/\/oswaldo.ch\/wp-content\/uploads\/2-Tempo-de-Rei-1.mp3'>Tempo de Rei<\/a><\/li><li><a href='https:\/\/oswaldo.ch\/wp-content\/uploads\/3-Meu-Corac\u0327a\u0303o-di-Lata-1.mp3'>Meu Corac\u0327a\u0303o di-Lata<\/a><\/li><li><a href='https:\/\/oswaldo.ch\/wp-content\/uploads\/4-Os-Sombras-1.mp3'>Os Sombras<\/a><\/li><li><a href='https:\/\/oswaldo.ch\/wp-content\/uploads\/5-O-Rio-Sujo-1.mp3'>O Rio Sujo<\/a><\/li><li><a href='https:\/\/oswaldo.ch\/wp-content\/uploads\/6-A-Bela-e-a-Floresta-1.mp3'>A Bela e a Floresta<\/a><\/li><li><a href='https:\/\/oswaldo.ch\/wp-content\/uploads\/7-O-Bolero-do-Apo\u0301s-Calipso.mp3'>O Bolero do Apo\u0301s Calipso<\/a><\/li>\t<\/ol>\n\t<\/noscript>\n\t<script type=\"application\/json\" class=\"wp-playlist-script\">{\"type\":\"audio\",\"tracklist\":true,\"tracknumbers\":true,\"images\":true,\"artists\":true,\"tracks\":[{\"src\":\"https:\/\/oswaldo.ch\/wp-content\/uploads\/1-Trista\\u0303o-e-Alegria-1.mp3\",\"type\":\"audio\/mpeg\",\"title\":\"Trista\\u0303o e Alegria\",\"caption\":\"\",\"description\":\"\\\"Trista\\u0303o e Alegria\\\".\",\"meta\":{\"length_formatted\":\"4:12\"},\"image\":{\"src\":\"https:\/\/oswaldo.ch\/wp-includes\/images\/media\/audio.svg\",\"width\":48,\"height\":64},\"thumb\":{\"src\":\"https:\/\/oswaldo.ch\/wp-includes\/images\/media\/audio.svg\",\"width\":48,\"height\":64}},{\"src\":\"https:\/\/oswaldo.ch\/wp-content\/uploads\/2-Tempo-de-Rei-1.mp3\",\"type\":\"audio\/mpeg\",\"title\":\"Tempo de Rei\",\"caption\":\"\",\"description\":\"\\\"Tempo de Rei\\\".\",\"meta\":{\"length_formatted\":\"5:09\"},\"image\":{\"src\":\"https:\/\/oswaldo.ch\/wp-includes\/images\/media\/audio.svg\",\"width\":48,\"height\":64},\"thumb\":{\"src\":\"https:\/\/oswaldo.ch\/wp-includes\/images\/media\/audio.svg\",\"width\":48,\"height\":64}},{\"src\":\"https:\/\/oswaldo.ch\/wp-content\/uploads\/3-Meu-Corac\\u0327a\\u0303o-di-Lata-1.mp3\",\"type\":\"audio\/mpeg\",\"title\":\"Meu Corac\\u0327a\\u0303o di-Lata\",\"caption\":\"\",\"description\":\"\\\"Meu Corac\\u0327a\\u0303o di-Lata\\\".\",\"meta\":{\"length_formatted\":\"3:04\"},\"image\":{\"src\":\"https:\/\/oswaldo.ch\/wp-includes\/images\/media\/audio.svg\",\"width\":48,\"height\":64},\"thumb\":{\"src\":\"https:\/\/oswaldo.ch\/wp-includes\/images\/media\/audio.svg\",\"width\":48,\"height\":64}},{\"src\":\"https:\/\/oswaldo.ch\/wp-content\/uploads\/4-Os-Sombras-1.mp3\",\"type\":\"audio\/mpeg\",\"title\":\"Os Sombras\",\"caption\":\"\",\"description\":\"\\\"Os Sombras\\\".\",\"meta\":{\"length_formatted\":\"2:23\"},\"image\":{\"src\":\"https:\/\/oswaldo.ch\/wp-includes\/images\/media\/audio.svg\",\"width\":48,\"height\":64},\"thumb\":{\"src\":\"https:\/\/oswaldo.ch\/wp-includes\/images\/media\/audio.svg\",\"width\":48,\"height\":64}},{\"src\":\"https:\/\/oswaldo.ch\/wp-content\/uploads\/5-O-Rio-Sujo-1.mp3\",\"type\":\"audio\/mpeg\",\"title\":\"O Rio Sujo\",\"caption\":\"\",\"description\":\"\\\"O Rio Sujo\\\".\",\"meta\":{\"length_formatted\":\"2:52\"},\"image\":{\"src\":\"https:\/\/oswaldo.ch\/wp-includes\/images\/media\/audio.svg\",\"width\":48,\"height\":64},\"thumb\":{\"src\":\"https:\/\/oswaldo.ch\/wp-includes\/images\/media\/audio.svg\",\"width\":48,\"height\":64}},{\"src\":\"https:\/\/oswaldo.ch\/wp-content\/uploads\/6-A-Bela-e-a-Floresta-1.mp3\",\"type\":\"audio\/mpeg\",\"title\":\"A Bela e a Floresta\",\"caption\":\"\",\"description\":\"\\\"A Bela e a Floresta\\\".\",\"meta\":{\"length_formatted\":\"3:14\"},\"image\":{\"src\":\"https:\/\/oswaldo.ch\/wp-includes\/images\/media\/audio.svg\",\"width\":48,\"height\":64},\"thumb\":{\"src\":\"https:\/\/oswaldo.ch\/wp-includes\/images\/media\/audio.svg\",\"width\":48,\"height\":64}},{\"src\":\"https:\/\/oswaldo.ch\/wp-content\/uploads\/7-O-Bolero-do-Apo\\u0301s-Calipso.mp3\",\"type\":\"audio\/mpeg\",\"title\":\"O Bolero do Apo\\u0301s Calipso\",\"caption\":\"\",\"description\":\"\\\"O Bolero do Apo\\u0301s Calipso\\\".\",\"meta\":{\"length_formatted\":\"2:26\"},\"image\":{\"src\":\"https:\/\/oswaldo.ch\/wp-includes\/images\/media\/audio.svg\",\"width\":48,\"height\":64},\"thumb\":{\"src\":\"https:\/\/oswaldo.ch\/wp-includes\/images\/media\/audio.svg\",\"width\":48,\"height\":64}}]}<\/script>\n<\/div>\n\t\n\n\n\n<p class=\"wp-block-paragraph\"><\/p>\n","protected":false},"excerpt":{"rendered":"<p>Musik f\u00fcr Orchester: &#8222;Im Sp\u00e4therbst 1998 konfrontierte ich Oswaldo Souza mit meiner Ma-M\u00e8re-l\u2019Oye-Idee. Nach wenigen Tagen des \u00dcberlegens sagte er mir zu und schon Ende Januar 99 zeigte er mir das Konzept zu Ap\u00f3s Calipso; die Konturen des Werkes waren unverkennbar und inzwischen liegt die Partitur vor. Die musikalische Wesenheit ist zweifelsohne frei von stilistischen &hellip; <\/p>\n<p class=\"link-more\"><a href=\"https:\/\/oswaldo.ch\/?p=650\" class=\"more-link\"><span class=\"screen-reader-text\">\u201eCD &#8222;Ap\u00f3s Calipso quem vir\u00e1?&#8220; (2000)\u201c<\/span> weiterlesen<\/a><\/p>\n","protected":false},"author":2,"featured_media":0,"comment_status":"open","ping_status":"open","sticky":false,"template":"","format":"standard","meta":{"_uag_custom_page_level_css":"","footnotes":""},"categories":[4],"tags":[],"class_list":["post-650","post","type-post","status-publish","format-standard","hentry","category-hoeren"],"uagb_featured_image_src":{"full":false,"thumbnail":false,"medium":false,"medium_large":false,"large":false,"1536x1536":false,"2048x2048":false,"twentyseventeen-featured-image":false,"twentyseventeen-thumbnail-avatar":false},"uagb_author_info":{"display_name":"oswaldo","author_link":"https:\/\/oswaldo.ch\/?author=2"},"uagb_comment_info":0,"uagb_excerpt":"Musik f\u00fcr Orchester: &#8222;Im Sp\u00e4therbst 1998 konfrontierte ich Oswaldo Souza mit meiner Ma-M\u00e8re-l\u2019Oye-Idee. Nach wenigen Tagen des \u00dcberlegens sagte er mir zu und schon Ende Januar 99 zeigte er mir das Konzept zu Ap\u00f3s Calipso; die Konturen des Werkes waren unverkennbar und inzwischen liegt die Partitur vor. Die musikalische Wesenheit ist zweifelsohne frei von stilistischen&hellip;","_links":{"self":[{"href":"https:\/\/oswaldo.ch\/index.php?rest_route=\/wp\/v2\/posts\/650","targetHints":{"allow":["GET"]}}],"collection":[{"href":"https:\/\/oswaldo.ch\/index.php?rest_route=\/wp\/v2\/posts"}],"about":[{"href":"https:\/\/oswaldo.ch\/index.php?rest_route=\/wp\/v2\/types\/post"}],"author":[{"embeddable":true,"href":"https:\/\/oswaldo.ch\/index.php?rest_route=\/wp\/v2\/users\/2"}],"replies":[{"embeddable":true,"href":"https:\/\/oswaldo.ch\/index.php?rest_route=%2Fwp%2Fv2%2Fcomments&post=650"}],"version-history":[{"count":29,"href":"https:\/\/oswaldo.ch\/index.php?rest_route=\/wp\/v2\/posts\/650\/revisions"}],"predecessor-version":[{"id":1371,"href":"https:\/\/oswaldo.ch\/index.php?rest_route=\/wp\/v2\/posts\/650\/revisions\/1371"}],"wp:attachment":[{"href":"https:\/\/oswaldo.ch\/index.php?rest_route=%2Fwp%2Fv2%2Fmedia&parent=650"}],"wp:term":[{"taxonomy":"category","embeddable":true,"href":"https:\/\/oswaldo.ch\/index.php?rest_route=%2Fwp%2Fv2%2Fcategories&post=650"},{"taxonomy":"post_tag","embeddable":true,"href":"https:\/\/oswaldo.ch\/index.php?rest_route=%2Fwp%2Fv2%2Ftags&post=650"}],"curies":[{"name":"wp","href":"https:\/\/api.w.org\/{rel}","templated":true}]}}