{"id":701,"date":"2019-08-19T01:31:00","date_gmt":"2019-08-18T23:31:00","guid":{"rendered":"http:\/\/oswaldo.ch\/?p=701"},"modified":"2021-10-08T19:09:37","modified_gmt":"2021-10-08T17:09:37","slug":"cd-terra-e-agua","status":"publish","type":"post","link":"https:\/\/oswaldo.ch\/?p=701","title":{"rendered":"Suite &#8222;A Primavera do Eu&#8220; (1997)"},"content":{"rendered":"\n<p class=\"wp-block-paragraph\"><strong>Stil: <\/strong>Zeitgen\u00f6ssische Tendenzen wie Atonalit\u00e4t und Gespr\u00e4chsgesang mischen sich mit romantischer popul\u00e4rer Musik. Special guest: Rodrigo Botter Maio (Sax), Andreas Zihler und Tonico da Silva (Percussion).<\/p>\n\n\n\n<p class=\"wp-block-paragraph\"> <strong>Inhalt: <\/strong>\u201eA Primavera do Eu\u201c spricht \u00fcber die Gef\u00fchle eines Mannes, der sich, in der Suche nach der eigenen Identit\u00e4t, mit m\u00e4nnlichen und weiblichen Aspekten seines Selbst auseinandersetzt und sich schliesslich frei und gl\u00fccklich \u00fcber diese Polarit\u00e4t erhebt.<\/p>\n\n\n\n<figure class=\"wp-block-image size-large\"><img loading=\"lazy\" decoding=\"async\" width=\"1024\" height=\"865\" src=\"http:\/\/oswaldo.ch\/wp-content\/uploads\/A-Primavera-do-Eu-1024x865.jpg\" alt=\"\" class=\"wp-image-1328\" srcset=\"https:\/\/oswaldo.ch\/wp-content\/uploads\/A-Primavera-do-Eu-1024x865.jpg 1024w, https:\/\/oswaldo.ch\/wp-content\/uploads\/A-Primavera-do-Eu-300x254.jpg 300w, https:\/\/oswaldo.ch\/wp-content\/uploads\/A-Primavera-do-Eu-150x127.jpg 150w, https:\/\/oswaldo.ch\/wp-content\/uploads\/A-Primavera-do-Eu-768x649.jpg 768w, https:\/\/oswaldo.ch\/wp-content\/uploads\/A-Primavera-do-Eu-1536x1298.jpg 1536w, https:\/\/oswaldo.ch\/wp-content\/uploads\/A-Primavera-do-Eu-2048x1731.jpg 2048w\" sizes=\"auto, (max-width: 706px) 89vw, (max-width: 767px) 82vw, 740px\" \/><\/figure>\n\n\n<div class=\"wp-playlist wp-audio-playlist wp-playlist-light\">\n\t\t\t<div class=\"wp-playlist-current-item\"><\/div>\n\t\t<audio controls=\"controls\" preload=\"none\" width=\"503\"\n\t\t\t><\/audio>\n\t<div class=\"wp-playlist-next\"><\/div>\n\t<div class=\"wp-playlist-prev\"><\/div>\n\t<noscript>\n\t<ol>\n\t\t<li><a href='https:\/\/oswaldo.ch\/wp-content\/uploads\/1-A-Viagem-1.mp3'>A Viagem<\/a><\/li><li><a href='https:\/\/oswaldo.ch\/wp-content\/uploads\/2-A-Tempestade-1.mp3'>A Tempestade<\/a><\/li><li><a href='https:\/\/oswaldo.ch\/wp-content\/uploads\/3-A-Mulher-1.mp3'>A Mulher<\/a><\/li><li><a href='https:\/\/oswaldo.ch\/wp-content\/uploads\/4-A-Primavera-do-Eu-1.mp3'>A Primavera do Eu<\/a><\/li><li><a href='https:\/\/oswaldo.ch\/wp-content\/uploads\/5-O-Parai\u0301so.mp3'>O Parai\u0301so<\/a><\/li>\t<\/ol>\n\t<\/noscript>\n\t<script type=\"application\/json\" class=\"wp-playlist-script\">{\"type\":\"audio\",\"tracklist\":true,\"tracknumbers\":true,\"images\":true,\"artists\":true,\"tracks\":[{\"src\":\"https:\/\/oswaldo.ch\/wp-content\/uploads\/1-A-Viagem-1.mp3\",\"type\":\"audio\/mpeg\",\"title\":\"A Viagem\",\"caption\":\"\",\"description\":\"\\\"A Viagem\\\".\",\"meta\":{\"length_formatted\":\"3:44\"},\"image\":{\"src\":\"https:\/\/oswaldo.ch\/wp-includes\/images\/media\/audio.svg\",\"width\":48,\"height\":64},\"thumb\":{\"src\":\"https:\/\/oswaldo.ch\/wp-includes\/images\/media\/audio.svg\",\"width\":48,\"height\":64}},{\"src\":\"https:\/\/oswaldo.ch\/wp-content\/uploads\/2-A-Tempestade-1.mp3\",\"type\":\"audio\/mpeg\",\"title\":\"A Tempestade\",\"caption\":\"\",\"description\":\"\\\"A Tempestade\\\".\",\"meta\":{\"length_formatted\":\"3:26\"},\"image\":{\"src\":\"https:\/\/oswaldo.ch\/wp-includes\/images\/media\/audio.svg\",\"width\":48,\"height\":64},\"thumb\":{\"src\":\"https:\/\/oswaldo.ch\/wp-includes\/images\/media\/audio.svg\",\"width\":48,\"height\":64}},{\"src\":\"https:\/\/oswaldo.ch\/wp-content\/uploads\/3-A-Mulher-1.mp3\",\"type\":\"audio\/mpeg\",\"title\":\"A Mulher\",\"caption\":\"\",\"description\":\"\\\"A Mulher\\\".\",\"meta\":{\"length_formatted\":\"1:23\"},\"image\":{\"src\":\"https:\/\/oswaldo.ch\/wp-includes\/images\/media\/audio.svg\",\"width\":48,\"height\":64},\"thumb\":{\"src\":\"https:\/\/oswaldo.ch\/wp-includes\/images\/media\/audio.svg\",\"width\":48,\"height\":64}},{\"src\":\"https:\/\/oswaldo.ch\/wp-content\/uploads\/4-A-Primavera-do-Eu-1.mp3\",\"type\":\"audio\/mpeg\",\"title\":\"A Primavera do Eu\",\"caption\":\"\",\"description\":\"\\\"A Primavera do Eu\\\".\",\"meta\":{\"length_formatted\":\"1:29\"},\"image\":{\"src\":\"https:\/\/oswaldo.ch\/wp-includes\/images\/media\/audio.svg\",\"width\":48,\"height\":64},\"thumb\":{\"src\":\"https:\/\/oswaldo.ch\/wp-includes\/images\/media\/audio.svg\",\"width\":48,\"height\":64}},{\"src\":\"https:\/\/oswaldo.ch\/wp-content\/uploads\/5-O-Parai\\u0301so.mp3\",\"type\":\"audio\/mpeg\",\"title\":\"O Parai\\u0301so\",\"caption\":\"\",\"description\":\"\\\"O Parai\\u0301so\\\".\",\"meta\":{\"length_formatted\":\"2:20\"},\"image\":{\"src\":\"https:\/\/oswaldo.ch\/wp-includes\/images\/media\/audio.svg\",\"width\":48,\"height\":64},\"thumb\":{\"src\":\"https:\/\/oswaldo.ch\/wp-includes\/images\/media\/audio.svg\",\"width\":48,\"height\":64}}]}<\/script>\n<\/div>\n\t\n","protected":false},"excerpt":{"rendered":"<p>Stil: Zeitgen\u00f6ssische Tendenzen wie Atonalit\u00e4t und Gespr\u00e4chsgesang mischen sich mit romantischer popul\u00e4rer Musik. Special guest: Rodrigo Botter Maio (Sax), Andreas Zihler und Tonico da Silva (Percussion). Inhalt: \u201eA Primavera do Eu\u201c spricht \u00fcber die Gef\u00fchle eines Mannes, der sich, in der Suche nach der eigenen Identit\u00e4t, mit m\u00e4nnlichen und weiblichen Aspekten seines Selbst auseinandersetzt und &hellip; <\/p>\n<p class=\"link-more\"><a href=\"https:\/\/oswaldo.ch\/?p=701\" class=\"more-link\"><span class=\"screen-reader-text\">\u201eSuite &#8222;A Primavera do Eu&#8220; (1997)\u201c<\/span> weiterlesen<\/a><\/p>\n","protected":false},"author":2,"featured_media":0,"comment_status":"open","ping_status":"open","sticky":false,"template":"","format":"standard","meta":{"_uag_custom_page_level_css":"","footnotes":""},"categories":[4],"tags":[],"class_list":["post-701","post","type-post","status-publish","format-standard","hentry","category-hoeren"],"uagb_featured_image_src":{"full":false,"thumbnail":false,"medium":false,"medium_large":false,"large":false,"1536x1536":false,"2048x2048":false,"twentyseventeen-featured-image":false,"twentyseventeen-thumbnail-avatar":false},"uagb_author_info":{"display_name":"oswaldo","author_link":"https:\/\/oswaldo.ch\/?author=2"},"uagb_comment_info":0,"uagb_excerpt":"Stil: Zeitgen\u00f6ssische Tendenzen wie Atonalit\u00e4t und Gespr\u00e4chsgesang mischen sich mit romantischer popul\u00e4rer Musik. Special guest: Rodrigo Botter Maio (Sax), Andreas Zihler und Tonico da Silva (Percussion). Inhalt: \u201eA Primavera do Eu\u201c spricht \u00fcber die Gef\u00fchle eines Mannes, der sich, in der Suche nach der eigenen Identit\u00e4t, mit m\u00e4nnlichen und weiblichen Aspekten seines Selbst auseinandersetzt und&hellip;","_links":{"self":[{"href":"https:\/\/oswaldo.ch\/index.php?rest_route=\/wp\/v2\/posts\/701","targetHints":{"allow":["GET"]}}],"collection":[{"href":"https:\/\/oswaldo.ch\/index.php?rest_route=\/wp\/v2\/posts"}],"about":[{"href":"https:\/\/oswaldo.ch\/index.php?rest_route=\/wp\/v2\/types\/post"}],"author":[{"embeddable":true,"href":"https:\/\/oswaldo.ch\/index.php?rest_route=\/wp\/v2\/users\/2"}],"replies":[{"embeddable":true,"href":"https:\/\/oswaldo.ch\/index.php?rest_route=%2Fwp%2Fv2%2Fcomments&post=701"}],"version-history":[{"count":29,"href":"https:\/\/oswaldo.ch\/index.php?rest_route=\/wp\/v2\/posts\/701\/revisions"}],"predecessor-version":[{"id":1349,"href":"https:\/\/oswaldo.ch\/index.php?rest_route=\/wp\/v2\/posts\/701\/revisions\/1349"}],"wp:attachment":[{"href":"https:\/\/oswaldo.ch\/index.php?rest_route=%2Fwp%2Fv2%2Fmedia&parent=701"}],"wp:term":[{"taxonomy":"category","embeddable":true,"href":"https:\/\/oswaldo.ch\/index.php?rest_route=%2Fwp%2Fv2%2Fcategories&post=701"},{"taxonomy":"post_tag","embeddable":true,"href":"https:\/\/oswaldo.ch\/index.php?rest_route=%2Fwp%2Fv2%2Ftags&post=701"}],"curies":[{"name":"wp","href":"https:\/\/api.w.org\/{rel}","templated":true}]}}